{"id":241,"date":"2021-07-01T00:00:49","date_gmt":"2021-06-30T22:00:49","guid":{"rendered":"http:\/\/pexetothemes.com\/demos\/story_demos\/business\/?p=144"},"modified":"2022-02-04T19:05:43","modified_gmt":"2022-02-04T18:05:43","slug":"improving-your-organizational-skills","status":"publish","type":"post","link":"https:\/\/virtual.stereotec.com\/wordpress\/2021\/07\/01\/improving-your-organizational-skills\/","title":{"rendered":"Dreharbeiten in Mannheim"},"content":{"rendered":"<p>In der ersten Juli-Woche 2021 fanden die Dreharbeiten zum n\u00e4chsten LediZ-Projekt statt: In Zusammenarbeit mit der LMU M\u00fcnchen (Prof. Dr. Markus Gloe, Fabian Heindl) erstellten wir einen interaktiven Gespr\u00e4chspartner mit der 97-j\u00e4hrigen Holocaust-\u00dcberlebenden Zilli Schmidt. Das Projekt wurde von der Stiftung &#8222;Denkmal der ermordeten Juden Europas&#8220; in Auftrag gegeben.<\/p>\n<p><!--more--><\/p>\n<p>Bereits im Vorjahr &#8211; im Winter 2020\/21 &#8211; interviewten wir zusammen mit der LMU M\u00fcnchen zehn Zeitzeugen: Sinti &amp; Roma aus der zweiten Generation berichten \u00fcber Ihre Erfahrungen zum Thema Diskriminierung Damals und Heute.<\/p>\n","protected":false},"excerpt":{"rendered":"<p>In der ersten Juli-Woche 2021 fanden die Dreharbeiten zum n\u00e4chsten LediZ-Projekt statt: In Zusammenarbeit mit der LMU M\u00fcnchen (Prof. Dr. [&hellip;]<\/p>\n","protected":false},"author":2,"featured_media":0,"comment_status":"closed","ping_status":"closed","sticky":false,"template":"","format":"standard","meta":{"_uag_custom_page_level_css":"","footnotes":""},"categories":[25],"tags":[],"class_list":["post-241","post","type-post","status-publish","format-standard","hentry","category-projekt"],"uagb_featured_image_src":{"full":false,"thumbnail":false,"medium":false,"medium_large":false,"large":false,"1536x1536":false,"2048x2048":false,"woocommerce_thumbnail":false,"woocommerce_single":false,"woocommerce_gallery_thumbnail":false},"uagb_author_info":{"display_name":"Andreas Schmidbauer","author_link":"https:\/\/virtual.stereotec.com\/wordpress\/author\/aschmidbauer\/"},"uagb_comment_info":0,"uagb_excerpt":"In der ersten Juli-Woche 2021 fanden die Dreharbeiten zum n\u00e4chsten LediZ-Projekt statt: In Zusammenarbeit mit der LMU M\u00fcnchen (Prof. Dr. [&hellip;]","_links":{"self":[{"href":"https:\/\/virtual.stereotec.com\/wordpress\/wp-json\/wp\/v2\/posts\/241","targetHints":{"allow":["GET"]}}],"collection":[{"href":"https:\/\/virtual.stereotec.com\/wordpress\/wp-json\/wp\/v2\/posts"}],"about":[{"href":"https:\/\/virtual.stereotec.com\/wordpress\/wp-json\/wp\/v2\/types\/post"}],"author":[{"embeddable":true,"href":"https:\/\/virtual.stereotec.com\/wordpress\/wp-json\/wp\/v2\/users\/2"}],"replies":[{"embeddable":true,"href":"https:\/\/virtual.stereotec.com\/wordpress\/wp-json\/wp\/v2\/comments?post=241"}],"version-history":[{"count":6,"href":"https:\/\/virtual.stereotec.com\/wordpress\/wp-json\/wp\/v2\/posts\/241\/revisions"}],"predecessor-version":[{"id":655,"href":"https:\/\/virtual.stereotec.com\/wordpress\/wp-json\/wp\/v2\/posts\/241\/revisions\/655"}],"wp:attachment":[{"href":"https:\/\/virtual.stereotec.com\/wordpress\/wp-json\/wp\/v2\/media?parent=241"}],"wp:term":[{"taxonomy":"category","embeddable":true,"href":"https:\/\/virtual.stereotec.com\/wordpress\/wp-json\/wp\/v2\/categories?post=241"},{"taxonomy":"post_tag","embeddable":true,"href":"https:\/\/virtual.stereotec.com\/wordpress\/wp-json\/wp\/v2\/tags?post=241"}],"curies":[{"name":"wp","href":"https:\/\/api.w.org\/{rel}","templated":true}]}}